{"id":3420,"date":"2025-02-06T14:58:27","date_gmt":"2025-02-06T13:58:27","guid":{"rendered":"https:\/\/www.biodiv-wind.com\/?p=3420"},"modified":"2025-02-06T14:58:27","modified_gmt":"2025-02-06T13:58:27","slug":"un-nouveau-cap-pour-biodiv-wind-projet-offshore-en-mediterranee","status":"publish","type":"post","link":"https:\/\/www.biodiv-wind.com\/fr\/un-nouveau-cap-pour-biodiv-wind-projet-offshore-en-mediterranee\/","title":{"rendered":"Un Nouveau Cap pour Biodiv-Wind : Projet Offshore en M\u00e9diterran\u00e9e !"},"content":{"rendered":"<p>Nous sommes ravis d\u2019annoncer que <a href=\"https:\/\/www.linkedin.com\/company\/biodiv-wind\"><strong>Biodiv-Wind<\/strong><\/a> a remport\u00e9 son <strong>troisi\u00e8me projet de parc \u00e9olien offshore<\/strong>, cette fois en <strong>M\u00e9diterran\u00e9e<\/strong> ! \ud83c\udf0a\u2600\ufe0f Cette nouvelle collaboration renforce notre engagement \u00e0 d\u00e9velopper des <strong>solutions de protection des oiseaux<\/strong> adapt\u00e9es aux d\u00e9fis sp\u00e9cifiques de l\u2019\u00e9olien en mer.<\/p>\n<h3>\u00c9olien Offshore et Protection de la Biodiversit\u00e9 : Un Enjeu Cl\u00e9<\/h3>\n<p>Le d\u00e9veloppement de l\u2019<strong>\u00e9nergie \u00e9olienne offshore<\/strong> joue un r\u00f4le essentiel dans la transition \u00e9nerg\u00e9tique. Toutefois, il est imp\u00e9ratif d\u2019int\u00e9grer des solutions efficaces pour r\u00e9duire son impact sur la faune. Les <strong>oiseaux marins<\/strong> et les <strong>chauves-souris<\/strong> \u00e9voluent dans ces milieux et peuvent \u00eatre expos\u00e9s \u00e0 un risque de collision avec les \u00e9oliennes. C\u2019est pourquoi la mise en place d\u2019un <strong>syst\u00e8me \u00e9olien<\/strong> performant, int\u00e9grant des technologies avanc\u00e9es de <strong>t\u00e9l\u00e9d\u00e9tection<\/strong>, est essentielle pour assurer un \u00e9quilibre entre production d\u2019\u00e9nergie et <strong>protection des oiseaux<\/strong>.<\/p>\n<p>Chez <strong>Biodiv-Wind<\/strong>, nous avons la conviction que l\u2019innovation technologique est la cl\u00e9 pour relever ce d\u00e9fi. Gr\u00e2ce \u00e0 nos syst\u00e8mes de <strong>t\u00e9l\u00e9d\u00e9tection<\/strong> et de <strong>radar oiseaux<\/strong>, nous aidons les d\u00e9veloppeurs \u00e9oliens \u00e0 r\u00e9duire leur impact environnemental tout en respectant les r\u00e9glementations en vigueur.<\/p>\n<h3>Une Approche Globale pour R\u00e9duire les Collisions<\/h3>\n<p>Pour ce projet, nous d\u00e9ployons un <strong>syst\u00e8me de surveillance<\/strong> complet int\u00e9grant plusieurs technologies compl\u00e9mentaires :<\/p>\n<p>\u2705 <strong>D\u00e9tection vid\u00e9o jour et nuit<\/strong> pour un suivi en temps r\u00e9el des esp\u00e8ces et une identification pr\u00e9cise des oiseaux.<br \/>\n\u2705 <strong>Surveillance acoustique avec <a href=\"https:\/\/www.biodiv-wind.com\/fr\/audiobat\/\">AudioBat<\/a><\/strong>, notre solution d\u00e9di\u00e9e \u00e0 la <strong>d\u00e9tection des chauves-souris<\/strong> en milieu offshore.<br \/>\n\u2705 <strong>Radar oiseaux <a href=\"https:\/\/www.biodiv-wind.com\/fr\/xbird-radar\/\">Xbird Radar<\/a><\/strong> pour suivre les d\u00e9placements des oiseaux et optimiser la pr\u00e9vention des <strong>collisions<\/strong>.<\/p>\n<p>En combinant ces diff\u00e9rentes approches, nous renfor\u00e7ons consid\u00e9rablement les capacit\u00e9s de <strong>protection des oiseaux<\/strong> et de <strong>pr\u00e9vention des collisions<\/strong> autour des parcs \u00e9oliens offshore. Cette synergie technologique permet de garantir une meilleure cohabitation entre les \u00e9nergies renouvelables et la biodiversit\u00e9.<\/p>\n<h3>Faire de l\u2019\u00c9olien Offshore une Solution Durable<\/h3>\n<p>L\u2019avenir des <strong>\u00e9nergies renouvelables<\/strong> repose sur notre capacit\u00e9 \u00e0 concilier innovation et <strong>pr\u00e9servation de la faune<\/strong>. Chez <strong>Biodiv-Wind<\/strong>, nous sommes fiers de contribuer \u00e0 cet objectif en proposant des <strong>technologies d\u2019effarouchement oiseaux<\/strong> et des <strong>solutions de t\u00e9l\u00e9d\u00e9tection<\/strong> adapt\u00e9es aux environnements offshore.<\/p>\n<p>Gr\u00e2ce \u00e0 des collaborations avec les acteurs de l\u2019\u00e9olien, les experts environnementaux et les d\u00e9cideurs, nous pouvons faire de l\u2019<strong>\u00e9olien oiseaux<\/strong> une \u00e9nergie r\u00e9ellement <strong>durable<\/strong>. Nos technologies de <strong>radar oiseaux<\/strong> et de <strong>surveillance aviaire<\/strong> garantissent une approche responsable et efficace.<\/p>\n<p>Ce nouveau projet marque une avanc\u00e9e importante pour <strong>Biodiv-Wind<\/strong>, et nous sommes impatients de partager avec vous les prochaines \u00e9tapes ! \ud83d\ude80 Restez connect\u00e9s pour suivre nos innovations en mati\u00e8re de <strong>syst\u00e8me \u00e9olien<\/strong> et de <strong>protection des oiseaux<\/strong> en mer.<\/p>\n<p>&nbsp;<\/p>\n<p>&nbsp;<\/p>\n<p>&nbsp;<\/p>\n<p>&nbsp;<\/p>\n<hr \/>\n<p>&nbsp;<\/p>\n<p>&nbsp;<\/p>\n<p>&nbsp;<\/p>\n<p>&nbsp;<\/p>\n<p>&nbsp;<\/p>\n<p>&nbsp;<\/p>\n<p>&nbsp;<\/p>\n<p>&nbsp;<\/p>\n<p>&nbsp;<\/p>\n<p>&nbsp;<\/p>\n<p>&nbsp;<\/p>\n<p>&nbsp;<\/p>\n<p>&nbsp;<\/p>\n<p>&nbsp;<\/p>\n","protected":false},"excerpt":{"rendered":"<p>Nous sommes ravis d\u2019annoncer que Biodiv-Wind a remport\u00e9 son troisi\u00e8me projet de parc \u00e9olien offshore, cette fois en M\u00e9diterran\u00e9e !  [&#8230;]<\/p>\n","protected":false},"author":11,"featured_media":3422,"comment_status":"closed","ping_status":"closed","sticky":false,"template":"","format":"standard","meta":{"inline_featured_image":false,"footnotes":""},"categories":[30],"tags":[],"class_list":["post-3420","post","type-post","status-publish","format-standard","has-post-thumbnail","hentry","category-actualites-entreprise"],"aioseo_notices":[],"aioseo_head":"\n\t\t<!-- All in One SEO 4.9.10 - aioseo.com -->\n\t<meta name=\"description\" content=\"Un Nouveau Cap pour Biodiv-Wind : Projet Offshore en M\u00e9diterran\u00e9e !\" \/>\n\t<meta name=\"robots\" content=\"max-image-preview:large\" \/>\n\t<meta name=\"author\" content=\"S\u00e9bastien MASSE\"\/>\n\t<link rel=\"canonical\" href=\"https:\/\/www.biodiv-wind.com\/fr\/un-nouveau-cap-pour-biodiv-wind-projet-offshore-en-mediterranee\/\" \/>\n\t<meta name=\"generator\" content=\"All in One SEO (AIOSEO) 4.9.10\" \/>\n\t\t<meta property=\"og:locale\" content=\"fr_FR\" \/>\n\t\t<meta property=\"og:site_name\" content=\"Biodiv-Wind - AI for wildlife and windpower\" \/>\n\t\t<meta property=\"og:type\" content=\"article\" \/>\n\t\t<meta property=\"og:title\" content=\"Un Nouveau Cap pour Biodiv-Wind : Projet Offshore en M\u00e9diterran\u00e9e ! - Biodiv-Wind\" \/>\n\t\t<meta property=\"og:description\" content=\"Un Nouveau Cap pour Biodiv-Wind : Projet Offshore en M\u00e9diterran\u00e9e !\" \/>\n\t\t<meta property=\"og:url\" content=\"https:\/\/www.biodiv-wind.com\/fr\/un-nouveau-cap-pour-biodiv-wind-projet-offshore-en-mediterranee\/\" \/>\n\t\t<meta property=\"article:published_time\" content=\"2025-02-06T13:58:27+00:00\" \/>\n\t\t<meta property=\"article:modified_time\" content=\"2025-02-06T13:58:27+00:00\" \/>\n\t\t<meta name=\"twitter:card\" content=\"summary_large_image\" \/>\n\t\t<meta name=\"twitter:title\" content=\"Un Nouveau Cap pour Biodiv-Wind : Projet Offshore en M\u00e9diterran\u00e9e ! - Biodiv-Wind\" \/>\n\t\t<meta name=\"twitter:description\" content=\"Un Nouveau Cap pour Biodiv-Wind : Projet Offshore en M\u00e9diterran\u00e9e !\" \/>\n\t\t<script type=\"application\/ld+json\" class=\"aioseo-schema\">\n\t\t\t{\"@context\":\"https:\\\/\\\/schema.org\",\"@graph\":[{\"@type\":\"BlogPosting\",\"@id\":\"https:\\\/\\\/www.biodiv-wind.com\\\/fr\\\/un-nouveau-cap-pour-biodiv-wind-projet-offshore-en-mediterranee\\\/#blogposting\",\"name\":\"Un Nouveau Cap pour Biodiv-Wind : Projet Offshore en M\\u00e9diterran\\u00e9e ! - Biodiv-Wind\",\"headline\":\"Un Nouveau Cap pour Biodiv-Wind : Projet Offshore en M\\u00e9diterran\\u00e9e !\",\"author\":{\"@id\":\"https:\\\/\\\/www.biodiv-wind.com\\\/fr\\\/author\\\/s-masse\\\/#author\"},\"publisher\":{\"@id\":\"https:\\\/\\\/www.biodiv-wind.com\\\/fr\\\/#organization\"},\"image\":{\"@type\":\"ImageObject\",\"url\":\"https:\\\/\\\/www.biodiv-wind.com\\\/wp-content\\\/uploads\\\/2025\\\/02\\\/offshore-2.jpg\",\"width\":2304,\"height\":1792},\"datePublished\":\"2025-02-06T14:58:27+01:00\",\"dateModified\":\"2025-02-06T14:58:27+01:00\",\"inLanguage\":\"fr-FR\",\"mainEntityOfPage\":{\"@id\":\"https:\\\/\\\/www.biodiv-wind.com\\\/fr\\\/un-nouveau-cap-pour-biodiv-wind-projet-offshore-en-mediterranee\\\/#webpage\"},\"isPartOf\":{\"@id\":\"https:\\\/\\\/www.biodiv-wind.com\\\/fr\\\/un-nouveau-cap-pour-biodiv-wind-projet-offshore-en-mediterranee\\\/#webpage\"},\"articleSection\":\"Actualit\\u00e9s entreprise, Facultatif\"},{\"@type\":\"BreadcrumbList\",\"@id\":\"https:\\\/\\\/www.biodiv-wind.com\\\/fr\\\/un-nouveau-cap-pour-biodiv-wind-projet-offshore-en-mediterranee\\\/#breadcrumblist\",\"itemListElement\":[{\"@type\":\"ListItem\",\"@id\":\"https:\\\/\\\/www.biodiv-wind.com\\\/fr\\\/#listItem\",\"position\":1,\"name\":\"Home\",\"item\":\"https:\\\/\\\/www.biodiv-wind.com\\\/fr\\\/\",\"nextItem\":{\"@type\":\"ListItem\",\"@id\":\"https:\\\/\\\/www.biodiv-wind.com\\\/fr\\\/category\\\/actualites-entreprise\\\/#listItem\",\"name\":\"Actualit\\u00e9s entreprise\"}},{\"@type\":\"ListItem\",\"@id\":\"https:\\\/\\\/www.biodiv-wind.com\\\/fr\\\/category\\\/actualites-entreprise\\\/#listItem\",\"position\":2,\"name\":\"Actualit\\u00e9s entreprise\",\"item\":\"https:\\\/\\\/www.biodiv-wind.com\\\/fr\\\/category\\\/actualites-entreprise\\\/\",\"nextItem\":{\"@type\":\"ListItem\",\"@id\":\"https:\\\/\\\/www.biodiv-wind.com\\\/fr\\\/un-nouveau-cap-pour-biodiv-wind-projet-offshore-en-mediterranee\\\/#listItem\",\"name\":\"Un Nouveau Cap pour Biodiv-Wind : Projet Offshore en M\\u00e9diterran\\u00e9e !\"},\"previousItem\":{\"@type\":\"ListItem\",\"@id\":\"https:\\\/\\\/www.biodiv-wind.com\\\/fr\\\/#listItem\",\"name\":\"Home\"}},{\"@type\":\"ListItem\",\"@id\":\"https:\\\/\\\/www.biodiv-wind.com\\\/fr\\\/un-nouveau-cap-pour-biodiv-wind-projet-offshore-en-mediterranee\\\/#listItem\",\"position\":3,\"name\":\"Un Nouveau Cap pour Biodiv-Wind : Projet Offshore en M\\u00e9diterran\\u00e9e !\",\"previousItem\":{\"@type\":\"ListItem\",\"@id\":\"https:\\\/\\\/www.biodiv-wind.com\\\/fr\\\/category\\\/actualites-entreprise\\\/#listItem\",\"name\":\"Actualit\\u00e9s entreprise\"}}]},{\"@type\":\"Organization\",\"@id\":\"https:\\\/\\\/www.biodiv-wind.com\\\/fr\\\/#organization\",\"name\":\"Biodiv-Wind\",\"description\":\"AI for wildlife and windpower\",\"url\":\"https:\\\/\\\/www.biodiv-wind.com\\\/fr\\\/\"},{\"@type\":\"Person\",\"@id\":\"https:\\\/\\\/www.biodiv-wind.com\\\/fr\\\/author\\\/s-masse\\\/#author\",\"url\":\"https:\\\/\\\/www.biodiv-wind.com\\\/fr\\\/author\\\/s-masse\\\/\",\"name\":\"S\\u00e9bastien MASSE\",\"image\":{\"@type\":\"ImageObject\",\"@id\":\"https:\\\/\\\/www.biodiv-wind.com\\\/fr\\\/un-nouveau-cap-pour-biodiv-wind-projet-offshore-en-mediterranee\\\/#authorImage\",\"url\":\"https:\\\/\\\/secure.gravatar.com\\\/avatar\\\/9957753b3fd0cb9ba8e75ddfa5a2047458105174805ddba72bbfdc25be6dbd8a?s=96&d=mm&r=g\",\"width\":96,\"height\":96,\"caption\":\"S\\u00e9bastien MASSE\"}},{\"@type\":\"WebPage\",\"@id\":\"https:\\\/\\\/www.biodiv-wind.com\\\/fr\\\/un-nouveau-cap-pour-biodiv-wind-projet-offshore-en-mediterranee\\\/#webpage\",\"url\":\"https:\\\/\\\/www.biodiv-wind.com\\\/fr\\\/un-nouveau-cap-pour-biodiv-wind-projet-offshore-en-mediterranee\\\/\",\"name\":\"Un Nouveau Cap pour Biodiv-Wind : Projet Offshore en M\\u00e9diterran\\u00e9e ! - Biodiv-Wind\",\"description\":\"Un Nouveau Cap pour Biodiv-Wind : Projet Offshore en M\\u00e9diterran\\u00e9e !\",\"inLanguage\":\"fr-FR\",\"isPartOf\":{\"@id\":\"https:\\\/\\\/www.biodiv-wind.com\\\/fr\\\/#website\"},\"breadcrumb\":{\"@id\":\"https:\\\/\\\/www.biodiv-wind.com\\\/fr\\\/un-nouveau-cap-pour-biodiv-wind-projet-offshore-en-mediterranee\\\/#breadcrumblist\"},\"author\":{\"@id\":\"https:\\\/\\\/www.biodiv-wind.com\\\/fr\\\/author\\\/s-masse\\\/#author\"},\"creator\":{\"@id\":\"https:\\\/\\\/www.biodiv-wind.com\\\/fr\\\/author\\\/s-masse\\\/#author\"},\"image\":{\"@type\":\"ImageObject\",\"url\":\"https:\\\/\\\/www.biodiv-wind.com\\\/wp-content\\\/uploads\\\/2025\\\/02\\\/offshore-2.jpg\",\"@id\":\"https:\\\/\\\/www.biodiv-wind.com\\\/fr\\\/un-nouveau-cap-pour-biodiv-wind-projet-offshore-en-mediterranee\\\/#mainImage\",\"width\":2304,\"height\":1792},\"primaryImageOfPage\":{\"@id\":\"https:\\\/\\\/www.biodiv-wind.com\\\/fr\\\/un-nouveau-cap-pour-biodiv-wind-projet-offshore-en-mediterranee\\\/#mainImage\"},\"datePublished\":\"2025-02-06T14:58:27+01:00\",\"dateModified\":\"2025-02-06T14:58:27+01:00\"},{\"@type\":\"WebSite\",\"@id\":\"https:\\\/\\\/www.biodiv-wind.com\\\/fr\\\/#website\",\"url\":\"https:\\\/\\\/www.biodiv-wind.com\\\/fr\\\/\",\"name\":\"Biodiv-Wind\",\"description\":\"AI for wildlife and windpower\",\"inLanguage\":\"fr-FR\",\"publisher\":{\"@id\":\"https:\\\/\\\/www.biodiv-wind.com\\\/fr\\\/#organization\"}}]}\n\t\t<\/script>\n\t\t<!-- All in One SEO -->\n\n","aioseo_head_json":{"title":"Un Nouveau Cap pour Biodiv-Wind : Projet Offshore en M\u00e9diterran\u00e9e ! - Biodiv-Wind","description":"Un Nouveau Cap pour Biodiv-Wind : Projet Offshore en M\u00e9diterran\u00e9e !","canonical_url":"https:\/\/www.biodiv-wind.com\/fr\/un-nouveau-cap-pour-biodiv-wind-projet-offshore-en-mediterranee\/","robots":"max-image-preview:large","keywords":"","webmasterTools":{"miscellaneous":""},"schema":{"@context":"https:\/\/schema.org","@graph":[{"@type":"BlogPosting","@id":"https:\/\/www.biodiv-wind.com\/fr\/un-nouveau-cap-pour-biodiv-wind-projet-offshore-en-mediterranee\/#blogposting","name":"Un Nouveau Cap pour Biodiv-Wind : Projet Offshore en M\u00e9diterran\u00e9e ! - Biodiv-Wind","headline":"Un Nouveau Cap pour Biodiv-Wind : Projet Offshore en M\u00e9diterran\u00e9e !","author":{"@id":"https:\/\/www.biodiv-wind.com\/fr\/author\/s-masse\/#author"},"publisher":{"@id":"https:\/\/www.biodiv-wind.com\/fr\/#organization"},"image":{"@type":"ImageObject","url":"https:\/\/www.biodiv-wind.com\/wp-content\/uploads\/2025\/02\/offshore-2.jpg","width":2304,"height":1792},"datePublished":"2025-02-06T14:58:27+01:00","dateModified":"2025-02-06T14:58:27+01:00","inLanguage":"fr-FR","mainEntityOfPage":{"@id":"https:\/\/www.biodiv-wind.com\/fr\/un-nouveau-cap-pour-biodiv-wind-projet-offshore-en-mediterranee\/#webpage"},"isPartOf":{"@id":"https:\/\/www.biodiv-wind.com\/fr\/un-nouveau-cap-pour-biodiv-wind-projet-offshore-en-mediterranee\/#webpage"},"articleSection":"Actualit\u00e9s entreprise, Facultatif"},{"@type":"BreadcrumbList","@id":"https:\/\/www.biodiv-wind.com\/fr\/un-nouveau-cap-pour-biodiv-wind-projet-offshore-en-mediterranee\/#breadcrumblist","itemListElement":[{"@type":"ListItem","@id":"https:\/\/www.biodiv-wind.com\/fr\/#listItem","position":1,"name":"Home","item":"https:\/\/www.biodiv-wind.com\/fr\/","nextItem":{"@type":"ListItem","@id":"https:\/\/www.biodiv-wind.com\/fr\/category\/actualites-entreprise\/#listItem","name":"Actualit\u00e9s entreprise"}},{"@type":"ListItem","@id":"https:\/\/www.biodiv-wind.com\/fr\/category\/actualites-entreprise\/#listItem","position":2,"name":"Actualit\u00e9s entreprise","item":"https:\/\/www.biodiv-wind.com\/fr\/category\/actualites-entreprise\/","nextItem":{"@type":"ListItem","@id":"https:\/\/www.biodiv-wind.com\/fr\/un-nouveau-cap-pour-biodiv-wind-projet-offshore-en-mediterranee\/#listItem","name":"Un Nouveau Cap pour Biodiv-Wind : Projet Offshore en M\u00e9diterran\u00e9e !"},"previousItem":{"@type":"ListItem","@id":"https:\/\/www.biodiv-wind.com\/fr\/#listItem","name":"Home"}},{"@type":"ListItem","@id":"https:\/\/www.biodiv-wind.com\/fr\/un-nouveau-cap-pour-biodiv-wind-projet-offshore-en-mediterranee\/#listItem","position":3,"name":"Un Nouveau Cap pour Biodiv-Wind : Projet Offshore en M\u00e9diterran\u00e9e !","previousItem":{"@type":"ListItem","@id":"https:\/\/www.biodiv-wind.com\/fr\/category\/actualites-entreprise\/#listItem","name":"Actualit\u00e9s entreprise"}}]},{"@type":"Organization","@id":"https:\/\/www.biodiv-wind.com\/fr\/#organization","name":"Biodiv-Wind","description":"AI for wildlife and windpower","url":"https:\/\/www.biodiv-wind.com\/fr\/"},{"@type":"Person","@id":"https:\/\/www.biodiv-wind.com\/fr\/author\/s-masse\/#author","url":"https:\/\/www.biodiv-wind.com\/fr\/author\/s-masse\/","name":"S\u00e9bastien MASSE","image":{"@type":"ImageObject","@id":"https:\/\/www.biodiv-wind.com\/fr\/un-nouveau-cap-pour-biodiv-wind-projet-offshore-en-mediterranee\/#authorImage","url":"https:\/\/secure.gravatar.com\/avatar\/9957753b3fd0cb9ba8e75ddfa5a2047458105174805ddba72bbfdc25be6dbd8a?s=96&d=mm&r=g","width":96,"height":96,"caption":"S\u00e9bastien MASSE"}},{"@type":"WebPage","@id":"https:\/\/www.biodiv-wind.com\/fr\/un-nouveau-cap-pour-biodiv-wind-projet-offshore-en-mediterranee\/#webpage","url":"https:\/\/www.biodiv-wind.com\/fr\/un-nouveau-cap-pour-biodiv-wind-projet-offshore-en-mediterranee\/","name":"Un Nouveau Cap pour Biodiv-Wind : Projet Offshore en M\u00e9diterran\u00e9e ! - Biodiv-Wind","description":"Un Nouveau Cap pour Biodiv-Wind : Projet Offshore en M\u00e9diterran\u00e9e !","inLanguage":"fr-FR","isPartOf":{"@id":"https:\/\/www.biodiv-wind.com\/fr\/#website"},"breadcrumb":{"@id":"https:\/\/www.biodiv-wind.com\/fr\/un-nouveau-cap-pour-biodiv-wind-projet-offshore-en-mediterranee\/#breadcrumblist"},"author":{"@id":"https:\/\/www.biodiv-wind.com\/fr\/author\/s-masse\/#author"},"creator":{"@id":"https:\/\/www.biodiv-wind.com\/fr\/author\/s-masse\/#author"},"image":{"@type":"ImageObject","url":"https:\/\/www.biodiv-wind.com\/wp-content\/uploads\/2025\/02\/offshore-2.jpg","@id":"https:\/\/www.biodiv-wind.com\/fr\/un-nouveau-cap-pour-biodiv-wind-projet-offshore-en-mediterranee\/#mainImage","width":2304,"height":1792},"primaryImageOfPage":{"@id":"https:\/\/www.biodiv-wind.com\/fr\/un-nouveau-cap-pour-biodiv-wind-projet-offshore-en-mediterranee\/#mainImage"},"datePublished":"2025-02-06T14:58:27+01:00","dateModified":"2025-02-06T14:58:27+01:00"},{"@type":"WebSite","@id":"https:\/\/www.biodiv-wind.com\/fr\/#website","url":"https:\/\/www.biodiv-wind.com\/fr\/","name":"Biodiv-Wind","description":"AI for wildlife and windpower","inLanguage":"fr-FR","publisher":{"@id":"https:\/\/www.biodiv-wind.com\/fr\/#organization"}}]},"og:locale":"fr_FR","og:site_name":"Biodiv-Wind - AI for wildlife and windpower","og:type":"article","og:title":"Un Nouveau Cap pour Biodiv-Wind : Projet Offshore en M\u00e9diterran\u00e9e ! - Biodiv-Wind","og:description":"Un Nouveau Cap pour Biodiv-Wind : Projet Offshore en M\u00e9diterran\u00e9e !","og:url":"https:\/\/www.biodiv-wind.com\/fr\/un-nouveau-cap-pour-biodiv-wind-projet-offshore-en-mediterranee\/","article:published_time":"2025-02-06T13:58:27+00:00","article:modified_time":"2025-02-06T13:58:27+00:00","twitter:card":"summary_large_image","twitter:title":"Un Nouveau Cap pour Biodiv-Wind : Projet Offshore en M\u00e9diterran\u00e9e ! - Biodiv-Wind","twitter:description":"Un Nouveau Cap pour Biodiv-Wind : Projet Offshore en M\u00e9diterran\u00e9e !"},"aioseo_meta_data":{"post_id":"3420","title":null,"description":"#post_excerpt_only #post_title","keywords":[],"keyphrases":{"focus":{"keyphrase":"","score":0,"analysis":{"keyphraseInTitle":{"score":0,"maxScore":9,"error":1}}},"additional":[]},"primary_term":null,"canonical_url":null,"og_title":null,"og_description":null,"og_object_type":"default","og_image_type":"default","og_image_url":null,"og_image_width":null,"og_image_height":null,"og_image_custom_url":null,"og_image_custom_fields":null,"og_video":"","og_custom_url":null,"og_article_section":null,"og_article_tags":[],"twitter_use_og":false,"twitter_card":"default","twitter_image_type":"default","twitter_image_url":null,"twitter_image_custom_url":null,"twitter_image_custom_fields":null,"twitter_title":null,"twitter_description":null,"schema":{"blockGraphs":[],"customGraphs":[],"default":{"data":{"Article":[],"Course":[],"Dataset":[],"FAQPage":[],"Movie":[],"Person":[],"Product":[],"ProductReview":[],"Car":[],"Recipe":[],"Service":[],"SoftwareApplication":[],"WebPage":[]},"graphName":"BlogPosting","isEnabled":true},"graphs":[]},"schema_type":"default","schema_type_options":null,"pillar_content":false,"robots_default":true,"robots_noindex":false,"robots_noarchive":false,"robots_nosnippet":false,"robots_nofollow":false,"robots_noimageindex":false,"robots_noodp":false,"robots_notranslate":false,"robots_max_snippet":"-1","robots_max_videopreview":"-1","robots_max_imagepreview":"large","priority":null,"frequency":"default","local_seo":null,"breadcrumb_settings":null,"limit_modified_date":false,"ai":null,"created":"2025-02-06 13:22:51","updated":"2025-06-09 10:41:20","seo_analyzer_scan_date":null},"aioseo_breadcrumb":"<div class=\"aioseo-breadcrumbs\"><span class=\"aioseo-breadcrumb\">\n\t\t\t<a href=\"https:\/\/www.biodiv-wind.com\/fr\/\" title=\"Home\">Home<\/a>\n\t\t<\/span><span class=\"aioseo-breadcrumb-separator\">&raquo;<\/span><span class=\"aioseo-breadcrumb\">\n\t\t\t<a href=\"https:\/\/www.biodiv-wind.com\/fr\/category\/actualites-entreprise\/\" title=\"Actualit\u00e9s entreprise\">Actualit\u00e9s entreprise<\/a>\n\t\t<\/span><span class=\"aioseo-breadcrumb-separator\">&raquo;<\/span><span class=\"aioseo-breadcrumb\">\n\t\t\tUn Nouveau Cap pour Biodiv-Wind : Projet Offshore en M\u00e9diterran\u00e9e !\n\t\t<\/span><\/div>","aioseo_breadcrumb_json":[{"label":"Home","link":"https:\/\/www.biodiv-wind.com\/fr\/"},{"label":"Actualit\u00e9s entreprise","link":"https:\/\/www.biodiv-wind.com\/fr\/category\/actualites-entreprise\/"},{"label":"Un Nouveau Cap pour Biodiv-Wind : Projet Offshore en M\u00e9diterran\u00e9e !","link":"https:\/\/www.biodiv-wind.com\/fr\/un-nouveau-cap-pour-biodiv-wind-projet-offshore-en-mediterranee\/"}],"_links":{"self":[{"href":"https:\/\/www.biodiv-wind.com\/fr\/wp-json\/wp\/v2\/posts\/3420","targetHints":{"allow":["GET"]}}],"collection":[{"href":"https:\/\/www.biodiv-wind.com\/fr\/wp-json\/wp\/v2\/posts"}],"about":[{"href":"https:\/\/www.biodiv-wind.com\/fr\/wp-json\/wp\/v2\/types\/post"}],"author":[{"embeddable":true,"href":"https:\/\/www.biodiv-wind.com\/fr\/wp-json\/wp\/v2\/users\/11"}],"replies":[{"embeddable":true,"href":"https:\/\/www.biodiv-wind.com\/fr\/wp-json\/wp\/v2\/comments?post=3420"}],"version-history":[{"count":1,"href":"https:\/\/www.biodiv-wind.com\/fr\/wp-json\/wp\/v2\/posts\/3420\/revisions"}],"predecessor-version":[{"id":3424,"href":"https:\/\/www.biodiv-wind.com\/fr\/wp-json\/wp\/v2\/posts\/3420\/revisions\/3424"}],"wp:featuredmedia":[{"embeddable":true,"href":"https:\/\/www.biodiv-wind.com\/fr\/wp-json\/wp\/v2\/media\/3422"}],"wp:attachment":[{"href":"https:\/\/www.biodiv-wind.com\/fr\/wp-json\/wp\/v2\/media?parent=3420"}],"wp:term":[{"taxonomy":"category","embeddable":true,"href":"https:\/\/www.biodiv-wind.com\/fr\/wp-json\/wp\/v2\/categories?post=3420"},{"taxonomy":"post_tag","embeddable":true,"href":"https:\/\/www.biodiv-wind.com\/fr\/wp-json\/wp\/v2\/tags?post=3420"}],"curies":[{"name":"wp","href":"https:\/\/api.w.org\/{rel}","templated":true}]}}